{"id":4520,"date":"2026-08-28T13:11:59","date_gmt":"2026-08-28T11:11:59","guid":{"rendered":"https:\/\/www.seag.es\/guia-alquiler\/?p=4520"},"modified":"2026-08-28T13:30:56","modified_gmt":"2026-08-28T11:30:56","slug":"alquiler-vacacional-vs-alquiler-de-temporada-que-servicios-hay-para-ambos-casos","status":"publish","type":"post","link":"https:\/\/www.seag.es\/guia-alquiler\/mercado-de-alquiler\/alquiler-vacacional-vs-alquiler-de-temporada-que-servicios-hay-para-ambos-casos\/","title":{"rendered":"Alquiler vacacional vs. alquiler de temporada: qu\u00e9 servicios hay para ambos casos"},"content":{"rendered":"\n<p class=\"wp-block-paragraph\">Alquiler vacacional y alquiler de temporada se confunden porque ambos duran menos que una vivienda habitual. Sin embargo, responden a necesidades distintas, se anuncian de otra manera y no admiten la misma protecci\u00f3n. Elegir la etiqueta por conveniencia puede terminar en sanciones o en un contrato que no refleja el uso real.<\/p>\n\n\n\n<p class=\"wp-block-paragraph\">La primera decisi\u00f3n no es qu\u00e9 modelo parece m\u00e1s rentable, sino qui\u00e9n ocupar\u00e1 el inmueble, por qu\u00e9 motivo y durante cu\u00e1nto tiempo. <strong>La causa de la estancia determina el contrato<\/strong>, la normativa aplicable y el tipo de respaldo que puede contratar el propietario.<\/p>\n\n\n\n<h2 class=\"wp-block-heading\">Vacaciones y necesidad temporal no son lo mismo<\/h2>\n\n\n\n<p class=\"wp-block-paragraph\">El alojamiento vacacional atiende una estancia tur\u00edstica o de ocio y suele someterse a regulaci\u00f3n auton\u00f3mica y municipal espec\u00edfica. Puede exigir licencia, declaraci\u00f3n responsable, inscripci\u00f3n y requisitos de equipamiento o atenci\u00f3n. La vivienda se comercializa normalmente por d\u00edas o semanas en canales tur\u00edsticos.<\/p>\n\n\n\n<p class=\"wp-block-paragraph\">Antes de anunciar, revisa adem\u00e1s los estatutos y acuerdos de la comunidad de propietarios. Una actividad autorizada por turismo puede encontrar l\u00edmites comunitarios o urban\u00edsticos que deben analizarse por separado. <strong>Cumplir una capa no convalida las dem\u00e1s<\/strong>.<\/p>\n\n\n\n<p class=\"wp-block-paragraph\">El alquiler de temporada cubre una necesidad no permanente: estudios, trabajo desplazado, tratamiento m\u00e9dico o una obra en la residencia habitual. Se encuadra como uso distinto de vivienda en la Ley de Arrendamientos Urbanos y necesita una causa temporal verdadera. <strong>Escribir \u201conce meses\u201d no convierte el contrato en temporal<\/strong>.<\/p>\n\n\n\n<p class=\"wp-block-paragraph\">Quien valora <a href=\"https:\/\/www.seag.es\/guia-alquiler\/alquiler-garantizado\/las-ventajas-de-alquilar-y-convertirte-en-arrendador\/\"><strong>las ventajas de alquilar y convertirse en arrendador<\/strong> <\/a>debe incorporar licencias, gesti\u00f3n, rotaci\u00f3n y riesgo, no solo comparar rentas brutas.<\/p>\n\n\n\n<h2 class=\"wp-block-heading\">La prueba de la causa protege el contrato de temporada<\/h2>\n\n\n\n<p class=\"wp-block-paragraph\">El propietario deber\u00eda pedir documentaci\u00f3n proporcionada que conecte la estancia con su duraci\u00f3n: matr\u00edcula, carta de desplazamiento, contrato laboral temporal o justificante m\u00e9dico. No se trata de invadir la intimidad, sino de acreditar por qu\u00e9 esa vivienda no ser\u00e1 el domicilio estable del arrendatario.<\/p>\n\n\n\n<p class=\"wp-block-paragraph\">El contrato debe indicar:<\/p>\n\n\n\n<ul class=\"wp-block-list\">\n<li>Motivo concreto de la estancia.<\/li>\n\n\n\n<li>Fechas de entrada y salida coherentes.<\/li>\n\n\n\n<li>Residencia habitual del ocupante.<\/li>\n\n\n\n<li>Renta, suministros y fianza aplicable.<\/li>\n\n\n\n<li>Inventario y reglas de entrega.<\/li>\n<\/ul>\n\n\n\n<p class=\"wp-block-paragraph\">Una sucesi\u00f3n artificial de contratos temporales para cubrir una necesidad permanente puede discutirse. <strong>La realidad pesa m\u00e1s que el t\u00edtulo del documento <\/strong>y tambi\u00e9n que la plataforma donde se public\u00f3.<\/p>\n\n\n\n<p class=\"wp-block-paragraph\">La fianza tambi\u00e9n cambia: el uso de temporada, al ser distinto de vivienda, parte de dos mensualidades conforme a la LAU, sin perjuicio del dep\u00f3sito auton\u00f3mico. En turismo pueden operar dep\u00f3sitos o retenciones con reglas sectoriales y de consumo distintas.<\/p>\n\n\n\n<h2 class=\"wp-block-heading\">Ocupaci\u00f3n, convivencia y rotaci\u00f3n cambian el riesgo<\/h2>\n\n\n\n<p class=\"wp-block-paragraph\">En el vacacional entran hu\u00e9spedes con mucha frecuencia; en temporada suele haber una persona o unidad de convivencia durante varios meses. La prueba de da\u00f1os, el control de llaves y la comunicaci\u00f3n de incidencias requieren protocolos diferentes.<\/p>\n\n\n\n<p class=\"wp-block-paragraph\"><strong>Ejemplo pr\u00e1ctico: <\/strong>una profesora se traslada de septiembre a junio y conserva su domicilio familiar en otra ciudad. Su necesidad encaja en temporada si se acredita y el contrato la describe. Una pareja que reserva cinco noches para conocer la costa encaja en el uso tur\u00edstico, aunque firme un documento llamado \u201ctemporada\u201d.<\/p>\n\n\n\n<p class=\"wp-block-paragraph\">La convivencia tampoco debe confundirse con la titularidad. El an\u00e1lisis sobre <a href=\"https:\/\/www.seag.es\/guia-alquiler\/alquiler-seguro\/puede-un-inquilino-meter-a-vivir-a-otra-persona-en-un-piso-alquilado\/\"><strong>si un inquilino puede incorporar a otra persona a la vivienda <\/strong><\/a>ayuda a ordenar ocupantes, pero una estancia tur\u00edstica necesita adem\u00e1s su propio registro y las obligaciones locales que correspondan.<\/p>\n\n\n\n<p class=\"wp-block-paragraph\">En ambos modelos importa identificar qui\u00e9n contrata y qui\u00e9n recibe las llaves. Si la reserva la paga una empresa o un familiar, documenta la relaci\u00f3n con los ocupantes. <strong>Cobrar no basta para conocer a la parte obligada<\/strong>.<\/p>\n\n\n\n<h2 class=\"wp-block-heading\">Cada modalidad necesita un expediente distinto<\/h2>\n\n\n\n<p class=\"wp-block-paragraph\">Para temporada, conserva causa, solvencia, contrato, inventario y pagos mensuales. Para vacacional, a\u00f1ade anuncio, reserva, condiciones aceptadas, identificaci\u00f3n de hu\u00e9spedes cuando sea obligatoria, comunicaciones de la plataforma y partes de entrada y salida.<\/p>\n\n\n\n<p class=\"wp-block-paragraph\">Un protocolo b\u00e1sico puede separar:<\/p>\n\n\n\n<ol class=\"wp-block-list\">\n<li>Documentaci\u00f3n previa y licencias.<\/li>\n\n\n\n<li>Identidad de quien contrata y ocupa.<\/li>\n\n\n\n<li>Estado del inmueble antes y despu\u00e9s.<\/li>\n\n\n\n<li>Gesti\u00f3n de dep\u00f3sitos y cobros.<\/li>\n\n\n\n<li>Respuesta ante da\u00f1os, impago o permanencia indebida.<\/li>\n<\/ol>\n\n\n\n<p class=\"wp-block-paragraph\">No copies las cl\u00e1usulas de una modalidad en la otra. La cancelaci\u00f3n de una reserva tur\u00edstica, la pr\u00f3rroga de una estancia por estudios y la resoluci\u00f3n por impago tienen marcos diferentes. <strong>La plantilla debe seguir a la operaci\u00f3n y no al rev\u00e9s<\/strong>.<\/p>\n\n\n\n<p class=\"wp-block-paragraph\">Guarda los documentos con acceso limitado y durante el plazo necesario. La rotaci\u00f3n tur\u00edstica no justifica conservar identificaciones indefinidamente, y el an\u00e1lisis econ\u00f3mico de temporada debe respetar informaci\u00f3n, finalidad y minimizaci\u00f3n de datos.<\/p>\n\n\n\n<h2 class=\"wp-block-heading\">La protecci\u00f3n debe coincidir con el uso real<\/h2>\n\n\n\n<p class=\"wp-block-paragraph\">Un producto dise\u00f1ado para varias mensualidades no cubre necesariamente reservas tur\u00edsticas de pocos d\u00edas. A la inversa, la asistencia de una plataforma ante da\u00f1os no sustituye una estrategia jur\u00eddica cuando el ocupante permanece o discute la devoluci\u00f3n.<\/p>\n\n\n\n<p class=\"wp-block-paragraph\">Tambi\u00e9n existen operaciones h\u00edbridas que requieren especial cuidado. Un alquiler con opci\u00f3n de compra, por ejemplo, no se vuelve temporal porque fije una fecha para decidir; responde a otra finalidad. La gu\u00eda sobre <a href=\"https:\/\/www.seag.es\/guia-alquiler\/alquiler-garantizado\/alquiler-con-opcion-a-compra-que-debes-saber-para-tener-un-alquiler-garantizado\/\"><strong>alquiler con opci\u00f3n a compra y sus compromisos <\/strong><\/a>recuerda que duraci\u00f3n, uso y objetivo econ\u00f3mico deben leerse juntos.<\/p>\n\n\n\n<p class=\"wp-block-paragraph\">A partir de aqu\u00ed entra el papel de SEAG. <strong>La marca no aplica una misma garant\u00eda a cualquier estancia<\/strong>: analiza el destino, el contrato y la solvencia para encajar el servicio correcto o indicar que esa f\u00f3rmula no corresponde.<\/p>\n\n\n\n<h2 class=\"wp-block-heading\">Qu\u00e9 puede aportar SEAG en cada caso<\/h2>\n\n\n\n<p class=\"wp-block-paragraph\">Para un contrato de temporada aceptado, la Garant\u00eda Temporal protege doce mensualidades e incorpora defensa jur\u00eddica y protecci\u00f3n frente a ocupaci\u00f3n. Tambi\u00e9n contempla da\u00f1os vand\u00e1licos por un m\u00e1ximo de 3.000 euros, sin franquicia, conforme a sus condiciones. No est\u00e1 concebida para alquiler vacacional, tur\u00edstico ni de larga duraci\u00f3n.<\/p>\n\n\n\n<p class=\"wp-block-paragraph\">En una vivienda vacacional, el propietario puede valorar el servicio independiente de <strong>defensa jur\u00eddica <\/strong>para ordenar consultas y conflictos arrendaticios, siempre despu\u00e9s de comprobar que la actividad cumple la normativa tur\u00edstica aplicable. La asistencia jur\u00eddica no corrige una licencia ausente ni transforma el uso declarado.<\/p>\n\n\n\n<p class=\"wp-block-paragraph\">Antes de firmar, conviene remitir:<\/p>\n\n\n\n<ul class=\"wp-block-list\">\n<li>Tipo de inmueble y localidad.<\/li>\n\n\n\n<li>Duraci\u00f3n y motivo de la estancia.<\/li>\n\n\n\n<li>Canal de comercializaci\u00f3n.<\/li>\n\n\n\n<li>Borrador de contrato.<\/li>\n\n\n\n<li>Perfil econ\u00f3mico del candidato en temporada.<\/li>\n<\/ul>\n\n\n\n<p class=\"wp-block-paragraph\">SEAG puede confirmar el encaje y explicar el alcance real. <strong>Esa respuesta previa evita contratar una protecci\u00f3n incompatible con el uso<\/strong>.<\/p>\n\n\n\n<p class=\"wp-block-paragraph\">Si gestionas una estancia futura, define primero su causa y contacta con SEAG para informarte sobre la Garant\u00eda Temporal o la defensa jur\u00eddica disponible. Si ya existe un conflicto, el caso actual necesita una revisi\u00f3n propia: te acompa\u00f1amos para identificar la v\u00eda adecuada sin prometer cobertura retrospectiva.<\/p>\n","protected":false},"excerpt":{"rendered":"<p>Alquiler vacacional y alquiler de temporada se confunden porque ambos duran menos que una vivienda habitual. Sin embargo, responden a necesidades distintas, se anuncian de otra manera y no admiten la misma protecci\u00f3n. Elegir la etiqueta por conveniencia puede terminar en sanciones o en un contrato que no refleja el uso real. La primera decisi\u00f3n [&hellip;]<\/p>\n","protected":false},"author":2,"featured_media":4557,"comment_status":"closed","ping_status":"closed","sticky":false,"template":"","format":"standard","meta":{"_acf_changed":false,"footnotes":""},"categories":[17],"tags":[],"class_list":["post-4520","post","type-post","status-publish","format-standard","has-post-thumbnail","hentry","category-mercado-de-alquiler"],"acf":[],"_links":{"self":[{"href":"https:\/\/www.seag.es\/guia-alquiler\/wp-json\/wp\/v2\/posts\/4520","targetHints":{"allow":["GET"]}}],"collection":[{"href":"https:\/\/www.seag.es\/guia-alquiler\/wp-json\/wp\/v2\/posts"}],"about":[{"href":"https:\/\/www.seag.es\/guia-alquiler\/wp-json\/wp\/v2\/types\/post"}],"author":[{"embeddable":true,"href":"https:\/\/www.seag.es\/guia-alquiler\/wp-json\/wp\/v2\/users\/2"}],"replies":[{"embeddable":true,"href":"https:\/\/www.seag.es\/guia-alquiler\/wp-json\/wp\/v2\/comments?post=4520"}],"version-history":[{"count":2,"href":"https:\/\/www.seag.es\/guia-alquiler\/wp-json\/wp\/v2\/posts\/4520\/revisions"}],"predecessor-version":[{"id":4563,"href":"https:\/\/www.seag.es\/guia-alquiler\/wp-json\/wp\/v2\/posts\/4520\/revisions\/4563"}],"wp:featuredmedia":[{"embeddable":true,"href":"https:\/\/www.seag.es\/guia-alquiler\/wp-json\/wp\/v2\/media\/4557"}],"wp:attachment":[{"href":"https:\/\/www.seag.es\/guia-alquiler\/wp-json\/wp\/v2\/media?parent=4520"}],"wp:term":[{"taxonomy":"category","embeddable":true,"href":"https:\/\/www.seag.es\/guia-alquiler\/wp-json\/wp\/v2\/categories?post=4520"},{"taxonomy":"post_tag","embeddable":true,"href":"https:\/\/www.seag.es\/guia-alquiler\/wp-json\/wp\/v2\/tags?post=4520"}],"curies":[{"name":"wp","href":"https:\/\/api.w.org\/{rel}","templated":true}]}}