{"id":3810,"date":"2025-07-01T09:00:00","date_gmt":"2025-07-01T08:00:00","guid":{"rendered":"https:\/\/www.seag.es\/guia-alquiler\/?p=3810"},"modified":"2025-06-23T15:41:00","modified_gmt":"2025-06-23T14:41:00","slug":"seag-opina-sobre-la-proposicion-de-ley-del-psoe-para-impulsar-el-alquiler-a-precios-asequibles","status":"publish","type":"post","link":"https:\/\/www.seag.es\/guia-alquiler\/mercado-de-alquiler\/seag-opina-sobre-la-proposicion-de-ley-del-psoe-para-impulsar-el-alquiler-a-precios-asequibles\/","title":{"rendered":"SEAG opina sobre la proposici\u00f3n de ley del PSOE para impulsar el alquiler a precios asequibles (v\u00eddeo)"},"content":{"rendered":"\n<p>Pedro Bret\u00f3n, CEO de SEAG (Sociedad Espa\u00f1ola de Alquiler Garantizado), analiza una propuesta legislativa del partido socialista enfocada en facilitar el acceso a la vivienda asequible. Expone su opini\u00f3n cr\u00edtica sobre varias medidas, centr\u00e1ndose especialmente en aquellas que afectan al mercado del alquiler.<\/p>\n\n\n\n<h2 class=\"wp-block-heading\">\u00bfEn qu\u00e9 consiste la proposici\u00f3n de ley del alquiler del PSOE?<\/h2>\n\n\n\n<p>La proposici\u00f3n de ley del PSOE para impulsar un alquiler de viviendas a precios asequibles fue propuesta en el congreso de los diputados el pasado 22 de mayo de 2025. Esta busca impulsar el alquiler de viviendas a precios asequibles en Espa\u00f1a mediante una serie de reformas fiscales, jur\u00eddicas y administrativas con el objetivo de facilitar el acceso a la vivienda, especialmente para j\u00f3venes y familias con rentas medias y bajas, a trav\u00e9s de una mayor oferta de viviendas en alquiler y la implicaci\u00f3n tanto del sector p\u00fablico como del privado.<\/p>\n\n\n\n<p>Entre las principales medidas destaca la reforma del <strong>IRPF<\/strong>, que contempla <strong>reducciones significativas del rendimiento neto del alquiler<\/strong> para propietarios que rebajen las rentas respecto al contrato anterior o alquilen en zonas tensionadas. Estas reducciones pueden alcanzar hasta el <strong>100%<\/strong> en determinados casos, como alquileres por debajo del precio de referencia fijado por el Ministerio o contratos a j\u00f3venes entre 18 y 35 a\u00f1os. Adem\u00e1s, se mantiene la reducci\u00f3n tradicional del 60% en supuestos generales y se a\u00f1ade una nueva reducci\u00f3n del <strong>70%<\/strong> para alquileres sociales o viviendas cedidas a entidades sin fines lucrativos. Tambi\u00e9n se actualiza el sistema de imputaci\u00f3n de rentas inmobiliarias para incentivar que los inmuebles vac\u00edos salgan al mercado del alquiler. Paralelamente, se ampl\u00eda la deducci\u00f3n por <strong>rehabilitaci\u00f3n energ\u00e9tica<\/strong> de viviendas, aplicable a mejoras que reduzcan la demanda energ\u00e9tica o el consumo de energ\u00eda no renovable, con deducciones de hasta <strong>60%<\/strong> y l\u00edmites anuales de 5.000 a 7.500 euros.<\/p>\n\n\n\n<p>A nivel de sociedades, se pretende modificar la Ley de SOCIMIs aumentando del <strong>15% al 25%<\/strong> el gravamen sobre beneficios no distribuidos que provienen del arrendamiento de viviendas, pero se aplican reducciones del <strong>50% o 100%<\/strong> si al menos el <strong>60% de las viviendas<\/strong> se alquilan a precios asequibles o si esos beneficios se reinvierten en nuevas viviendas bajo este r\u00e9gimen. En cuanto al mercado tur\u00edstico, se anticipa a una directiva europea y se impone el <strong>IVA del 21%<\/strong> a los alquileres de corta duraci\u00f3n en municipios de m\u00e1s de 10.000 habitantes, salvo que ofrezcan servicios hoteleros. Por otro lado, se busca crear un <strong>Impuesto Complementario Estatal<\/strong> sobre transmisiones inmobiliarias realizadas por no residentes extracomunitarios, planteado con el fin de evitar la especulaci\u00f3n exterior en el mercado espa\u00f1ol.<\/p>\n\n\n\n<p>Finalmente, se otorgan nuevos poderes a SEPES para gestionar, construir y rehabilitar viviendas asequibles en suelos p\u00fablicos, facilitando su colaboraci\u00f3n con otras administraciones mediante cesiones de inmuebles del Estado o entidades como MUFACE, ADIF y el Patrimonio Nacional. Tambi\u00e9n se flexibiliza el marco jur\u00eddico de los contratos de concesi\u00f3n p\u00fablica para vivienda asequible, ampliando su duraci\u00f3n hasta <strong>80 a\u00f1os<\/strong> y eliminando tr\u00e1mites burocr\u00e1ticos.<\/p>\n\n\n\n<h2 class=\"wp-block-heading\">La opini\u00f3n de SEAG sobre la proposici\u00f3n de ley del alquiler del PSOE (vivienda asequible)<\/h2>\n\n\n\n<p>Pedro Bret\u00f3n, CEO de SEAG, explica en el siguiente v\u00eddeo que apoya las medidas que incentivan el alquiler a trav\u00e9s de las ventajas fiscales, sin embargo, rechaza las que castigan con m\u00e1s impuestos y considera esencial dotar al mercado del alquiler de una mayor seguridad jur\u00eddica (como hacen desde la compa\u00f1\u00eda con su alquiler garantizado y sus <a href=\"https:\/\/www.seag.es\/prestaciones-adicionales\/\">prestaciones adicionales<\/a>), as\u00ed como de estabilidad normativa e incentivos positivos. Explica que de esta forma se ampl\u00eda la oferta y bajan los precios de forma natural, garantizando el acceso a una vivienda digna.<\/p>\n\n\n\n<figure class=\"wp-block-embed is-type-video is-provider-youtube wp-block-embed-youtube wp-embed-aspect-16-9 wp-has-aspect-ratio\"><div class=\"wp-block-embed__wrapper\">\n<iframe title=\"SEAG OPINA - Ley del PSOE para impulsar el alquiler de viviendas a precios asequibles\" width=\"500\" height=\"281\" src=\"https:\/\/www.youtube.com\/embed\/LAiOfUUNsBw?feature=oembed\" frameborder=\"0\" allow=\"accelerometer; autoplay; clipboard-write; encrypted-media; gyroscope; picture-in-picture; web-share\" referrerpolicy=\"strict-origin-when-cross-origin\" allowfullscreen><\/iframe>\n<\/div><\/figure>\n\n\n\n<h3 class=\"wp-block-heading\">Proposici\u00f3n alquiler vivienda PSOE: \u00bfSubida del IVA o imposici\u00f3n para los pisos tur\u00edsticos?<\/h3>\n\n\n\n<p>Uno de los primeros puntos abordados es la intenci\u00f3n de subir el IVA al 21% para los pisos tur\u00edsticos. Bret\u00f3n aclara que no se tratar\u00eda de una subida como tal, sino de una nueva imposici\u00f3n para quienes no prestan servicios complementarios (como limpieza o recepci\u00f3n). Seg\u00fan la normativa actual, solo los alojamientos que prestan servicios similares a los hoteleros tributan al 10%. El CEO cuestiona si, en ese caso, tambi\u00e9n se les subir\u00e1 el IVA a los hoteles, lo que generar\u00eda un agravio comparativo. Adem\u00e1s, considera que esta medida no impactar\u00e1 de forma significativa en el precio del alquiler, ya que la mayor\u00eda de los pisos tur\u00edsticos no se encuentran en zonas de alta demanda residencial.<\/p>\n\n\n\n<h3 class=\"wp-block-heading\">Sobre la creaci\u00f3n de un nuevo impuesto estatal en la medida del PSOE de alquiler<\/h3>\n\n\n\n<p>En cuanto a la creaci\u00f3n de un impuesto estatal para gravar la compra de viviendas por parte de no residentes, Bret\u00f3n muestra escepticismo. Argumenta que no hay evidencia de que los no residentes est\u00e9n generando una compra especulativa. Se\u00f1ala que muchos de ellos adquieren viviendas como segunda residencia o con intenci\u00f3n de alquilarlas, lo cual deber\u00eda considerarse positivo para el mercado, siempre que se incentive el alquiler a precios asequibles. En su opini\u00f3n, <strong>en lugar de penalizar, habr\u00eda que fomentar la inversi\u00f3n con incentivos y garant\u00edas jur\u00eddicas<\/strong> que impulsen la oferta y contribuyan a una regulaci\u00f3n natural de los precios.<\/p>\n\n\n\n<h3 class=\"wp-block-heading\">\u00bfEs efectiva la colaboraci\u00f3n p\u00fablico-privada de la que habla el PSOE?<\/h3>\n\n\n\n<p>La propuesta de ley del PSOE sobre alquiler asequible tambi\u00e9n destaca la necesidad de fomentar la colaboraci\u00f3n p\u00fablico-privada para la construcci\u00f3n de vivienda asequible. Bret\u00f3n subraya que esta colaboraci\u00f3n solo ser\u00e1 efectiva si se agilizan los tr\u00e1mites burocr\u00e1ticos, ya que los retrasos actuales en licencias y autorizaciones pueden demorar la entrega de viviendas durante a\u00f1os, mientras la demanda contin\u00faa creciendo. En este contexto, propone que los ayuntamientos concedan plazos razonables para subsanar errores documentales y evitar bloqueos innecesarios.<\/p>\n\n\n\n<h3 class=\"wp-block-heading\">A favor de la nueva bonificaci\u00f3n del IRPF de la propuesta del PSOE de vivienda<\/h3>\n\n\n\n<p>Otro punto relevante es la extensi\u00f3n de la bonificaci\u00f3n del IRPF para propietarios que rebajen el precio del alquiler en nuevos contratos. Actualmente, esta bonificaci\u00f3n del 90% est\u00e1 limitada a zonas tensionadas, pero la propuesta plantea aplicarla en todo el territorio y hasta el 100%, en algunos casos. Bret\u00f3n valora positivamente esta medida, ya que considera que los incentivos fiscales son una v\u00eda eficaz para estimular la rebaja voluntaria de precios por parte de los propietarios. Un ejemplo concreto: si un alquiler baja de 1.000\u202f\u20ac a 950\u202f\u20ac y genera un beneficio anual de 10.000\u202f\u20ac, con esta bonificaci\u00f3n solo se tributar\u00eda por 1.000\u202f\u20ac, lo que supone un gran ahorro fiscal.<\/p>\n\n\n\n<h3 class=\"wp-block-heading\">Es un error penalizar a propietarios de viviendas vac\u00edas<\/h3>\n\n\n\n<p>En cambio, considera un error penalizar a propietarios de viviendas vac\u00edas, dado que <strong>muchas de estas no se alquilan por falta de condiciones o necesidad de reformas<\/strong>. Propone que se incentive la rehabilitaci\u00f3n mediante ayudas y beneficios fiscales, en lugar de aplicar tributos adicionales. Insiste en que la clave es motivar a los propietarios a poner en alquiler sus viviendas bajo condiciones razonables, con seguridad jur\u00eddica y sin temor a cambios normativos constantes.<\/p>\n\n\n\n<h3 class=\"wp-block-heading\">Desincentivaci\u00f3n para alquilar a las SOCIMIs<\/h3>\n\n\n\n<p>Por \u00faltimo, se muestra en desacuerdo con la subida del Impuesto de Sociedades a las SOCIMIs (Sociedades Cotizadas de Inversi\u00f3n Inmobiliaria) que no alquilen por debajo del valor de referencia. Pasar del 15% al 25% de tributaci\u00f3n, en su opini\u00f3n, supone otro enfoque punitivo que desincentiva la inversi\u00f3n. En lugar de castigar, propone fomentar con est\u00edmulos y seguridad normativa, una vez m\u00e1s, tanto a grandes como peque\u00f1os propietarios, quienes representan la mayor\u00eda del parque de alquiler en Espa\u00f1a.<\/p>\n","protected":false},"excerpt":{"rendered":"<p>Pedro Bret\u00f3n, CEO de SEAG (Sociedad Espa\u00f1ola de Alquiler Garantizado), analiza una propuesta legislativa del partido socialista enfocada en facilitar el acceso a la vivienda asequible. Expone su opini\u00f3n cr\u00edtica sobre varias medidas, centr\u00e1ndose especialmente en aquellas que afectan al mercado del alquiler. \u00bfEn qu\u00e9 consiste la proposici\u00f3n de ley del alquiler del PSOE? La [&hellip;]<\/p>\n","protected":false},"author":2,"featured_media":3811,"comment_status":"closed","ping_status":"closed","sticky":false,"template":"","format":"standard","meta":{"_acf_changed":false,"footnotes":""},"categories":[17],"tags":[],"class_list":["post-3810","post","type-post","status-publish","format-standard","has-post-thumbnail","hentry","category-mercado-de-alquiler"],"acf":[],"_links":{"self":[{"href":"https:\/\/www.seag.es\/guia-alquiler\/wp-json\/wp\/v2\/posts\/3810","targetHints":{"allow":["GET"]}}],"collection":[{"href":"https:\/\/www.seag.es\/guia-alquiler\/wp-json\/wp\/v2\/posts"}],"about":[{"href":"https:\/\/www.seag.es\/guia-alquiler\/wp-json\/wp\/v2\/types\/post"}],"author":[{"embeddable":true,"href":"https:\/\/www.seag.es\/guia-alquiler\/wp-json\/wp\/v2\/users\/2"}],"replies":[{"embeddable":true,"href":"https:\/\/www.seag.es\/guia-alquiler\/wp-json\/wp\/v2\/comments?post=3810"}],"version-history":[{"count":1,"href":"https:\/\/www.seag.es\/guia-alquiler\/wp-json\/wp\/v2\/posts\/3810\/revisions"}],"predecessor-version":[{"id":3812,"href":"https:\/\/www.seag.es\/guia-alquiler\/wp-json\/wp\/v2\/posts\/3810\/revisions\/3812"}],"wp:featuredmedia":[{"embeddable":true,"href":"https:\/\/www.seag.es\/guia-alquiler\/wp-json\/wp\/v2\/media\/3811"}],"wp:attachment":[{"href":"https:\/\/www.seag.es\/guia-alquiler\/wp-json\/wp\/v2\/media?parent=3810"}],"wp:term":[{"taxonomy":"category","embeddable":true,"href":"https:\/\/www.seag.es\/guia-alquiler\/wp-json\/wp\/v2\/categories?post=3810"},{"taxonomy":"post_tag","embeddable":true,"href":"https:\/\/www.seag.es\/guia-alquiler\/wp-json\/wp\/v2\/tags?post=3810"}],"curies":[{"name":"wp","href":"https:\/\/api.w.org\/{rel}","templated":true}]}}